{"id":310,"date":"2020-06-27T15:36:40","date_gmt":"2020-06-27T13:36:40","guid":{"rendered":"https:\/\/blog.sramkuvpisek.cz\/?p=310"},"modified":"2020-06-27T15:36:40","modified_gmt":"2020-06-27T13:36:40","slug":"debata-cik","status":"publish","type":"post","link":"https:\/\/blog.sramkuvpisek.cz\/index.php\/2020\/06\/27\/debata-cik\/","title":{"rendered":"debata: Cik!"},"content":{"rendered":"\n<p><strong><em>stru\u010dn\u00fd z\u00e1znam debaty s lektory<\/em><\/strong><\/p>\n\n\n\n<!--more-->\n\n\n\n<p><strong>Petr V\u00e1\u0161a:<\/strong><\/p>\n\n\n\n<p>Prvn\u00ed v\u011bc, kter\u00e1 se mi l\u00edbila: jednalo se o\n\u010dist\u011b meotarov\u00e9 p\u0159edstaven\u00ed, meotar nebyl dopl\u0148kem k&nbsp;hudebn\u00ed nebo podobn\u00e9\nakci.<\/p>\n\n\n\n<p>V\u00fdborn\u00e9: byla to tak\u00e9 v\u00fdsostn\u011b loutk\u00e1\u0159sk\u00e1 v\u011bc.<\/p>\n\n\n\n<p>Na konci v\u00fdborn\u011b vystav\u011bn\u00e1 katarze s&nbsp;to\u010d\u00edc\u00ed\nse koul\u00ed.<\/p>\n\n\n\n<p>Prost\u0159edek (infinitivn\u00ed texty + dolarov\u00e9 zna\u010dky\na podobn\u011b) mi p\u0159ipadal p\u0159\u00edli\u0161 doslovn\u00fd, jako bychom byli v&nbsp;jin\u00e9m \u017e\u00e1nru.\nJemn\u00fdm z\u00e1sahem by se mo\u017en\u00e1 mohl posunout jinam.<\/p>\n\n\n\n<p><strong>Jakub Hul\u00e1k:<\/strong><\/p>\n\n\n\n<p>C\u00edtil jsem jako sv\u016fj handicap, \u017ee kn\u00ed\u017eku zn\u00e1m. C\u00edtil\njsem ur\u010dit\u00fd nepokoj, \u017ee v\u00fdtvarnou kvalitu kn\u00ed\u017eky se nepoda\u0159ilo do inscenace\ndostat. Zaj\u00edmalo by m\u011b, v&nbsp;jak\u00e9 f\u00e1zi s&nbsp;touto inscenac\u00ed jste \u2013 bude se\nje\u0161t\u011b vyv\u00edjet?<\/p>\n\n\n\n<p><strong>Tom\u00e1\u0161 \u017di\u017eka:<\/strong><\/p>\n\n\n\n<p>Personifikoval jsem si to do finan\u010dn\u00edho \u00fa\u0159adu,\njako kdy\u017e pan\u00ed \u00fa\u0159ednici n\u011bco vysv\u011btluji, a jak ona m\u011b zru\u010dn\u011b otev\u00edr\u00e1\nprost\u0159ednictv\u00edm \u0161anon\u016f, skoro m\u011b pitv\u00e1. V&nbsp;inscenaci nen\u00ed tato mo\u017enost\ndokonale vyu\u017eit\u00e1, chyb\u00ed ot\u00e1zka \u201eco s&nbsp;n\u00e1mi ta cik\u00e1da vlastn\u011b d\u011bl\u00e1, kdy\u017e na\n\u00fa\u0159ad p\u0159ijdeme\u201c?<\/p>\n\n\n\n<p><strong>Petr V\u00e1\u0161a:<\/strong><\/p>\n\n\n\n<p>V&nbsp;mal\u00ed\u0159sk\u00e9m st\u00ednov\u00e9m divadle je vodi\u010d\nloutek a p\u0159edm\u011bt\u016f hlavn\u00edm akt\u00e9rem \u2013 centrem pozornosti; je dokonce \u0161amanem; jedno\ncentrum pozornosti jsou p\u0159edm\u011bty a st\u00edny, druh\u00fdm on.<\/p>\n\n\n\n<p><strong>Vladim\u00edr Hulec:<\/strong><\/p>\n\n\n\n<p>Mysl\u00edm, \u017ee prostor nebyl \u0161\u0165astn\u011b zvolen\u00fd, bylo\nby lep\u0161\u00ed <\/p>\n\n\n\n<p>A mysl\u00edm, \u017ee \u00fapln\u011b nefunguje r\u00e1mec: to, \u017ee jsme\np\u0159i p\u0159\u00edchodu vybaveni\/ozna\u010deni \u0161t\u00edtky. Mysl\u00edm, \u017ee n\u00e1m to b\u011bhem p\u0159edstaven\u00ed\n\u00fapln\u011b nedo\u0161lo.<\/p>\n","protected":false},"excerpt":{"rendered":"<p>stru\u010dn\u00fd z\u00e1znam debaty s lektory<\/p>\n","protected":false},"author":3,"featured_media":0,"comment_status":"open","ping_status":"open","sticky":false,"template":"","format":"standard","meta":{"footnotes":""},"categories":[38],"tags":[],"class_list":["post-310","post","type-post","status-publish","format-standard","hentry","category-2020-debaty-s-lektory"],"_links":{"self":[{"href":"https:\/\/blog.sramkuvpisek.cz\/index.php\/wp-json\/wp\/v2\/posts\/310","targetHints":{"allow":["GET"]}}],"collection":[{"href":"https:\/\/blog.sramkuvpisek.cz\/index.php\/wp-json\/wp\/v2\/posts"}],"about":[{"href":"https:\/\/blog.sramkuvpisek.cz\/index.php\/wp-json\/wp\/v2\/types\/post"}],"author":[{"embeddable":true,"href":"https:\/\/blog.sramkuvpisek.cz\/index.php\/wp-json\/wp\/v2\/users\/3"}],"replies":[{"embeddable":true,"href":"https:\/\/blog.sramkuvpisek.cz\/index.php\/wp-json\/wp\/v2\/comments?post=310"}],"version-history":[{"count":1,"href":"https:\/\/blog.sramkuvpisek.cz\/index.php\/wp-json\/wp\/v2\/posts\/310\/revisions"}],"predecessor-version":[{"id":311,"href":"https:\/\/blog.sramkuvpisek.cz\/index.php\/wp-json\/wp\/v2\/posts\/310\/revisions\/311"}],"wp:attachment":[{"href":"https:\/\/blog.sramkuvpisek.cz\/index.php\/wp-json\/wp\/v2\/media?parent=310"}],"wp:term":[{"taxonomy":"category","embeddable":true,"href":"https:\/\/blog.sramkuvpisek.cz\/index.php\/wp-json\/wp\/v2\/categories?post=310"},{"taxonomy":"post_tag","embeddable":true,"href":"https:\/\/blog.sramkuvpisek.cz\/index.php\/wp-json\/wp\/v2\/tags?post=310"}],"curies":[{"name":"wp","href":"https:\/\/api.w.org\/{rel}","templated":true}]}}