{"id":480,"date":"2022-05-24T19:06:55","date_gmt":"2022-05-24T17:06:55","guid":{"rendered":"https:\/\/blog.sramkuvpisek.cz\/?p=480"},"modified":"2022-05-24T19:06:55","modified_gmt":"2022-05-24T17:06:55","slug":"muz-z-osla-nasije","status":"publish","type":"post","link":"https:\/\/blog.sramkuvpisek.cz\/index.php\/2022\/05\/24\/muz-z-osla-nasije\/","title":{"rendered":"Mu\u017e z osla \/ na\u0161ije"},"content":{"rendered":"\n<p>Provede D.R.E.D. N\u00e1chodsko Kladsko Pra\u017esko. Bude provedeno ve \u0160r\u00e1mkov\u011b divadle v sobotu od 15 h.<\/p>\n\n\n\n<!--more-->\n\n\n\n<p>Tuto ud\u00e1lost (tedy jeden z p\u0159edchoz\u00edch v\u00fdskyt\u016f t\u00e9to ud\u00e1losti) jsem ned\u00e1vno za\u017eil. No t\u00fdjo! D.R.E.D. se po\u0159\u00e1d posouv\u00e1 (nebo tam u\u017e n\u011bjakou dobu spo\u010d\u00edv\u00e1?.. no, mysl\u00edm, \u017ee se sp\u00ed\u0161 po\u0159\u00e1d je\u0161t\u011b posouv\u00e1) sm\u011brem ke klidn\u00e9 neok\u00e1zale kontemplativn\u00ed, soust\u0159ed\u011bn\u00e9 existenci lid\u00ed v prostoru; a v rytmu. Odv\u017edycky m\u011b jejich v\u011bci hrozn\u011b zaj\u00edmaly, ale ta neok\u00e1zalost a klid, to je te\u010f novinka (nebo mi to aspo\u0148 n\u011bjak v\u00edc vystupuje p\u0159ed n\u011bjak\u00e9 pozad\u00ed). Vypad\u00e1 to prost\u011b (a je to prost\u00e9), ale kdo jin\u00fd to takhle prost\u011b um\u00ed? Asi jen ten, kdo to d\u011bl\u00e1 tak dlouho jako D.R.E.D. P\u0159itom je po\u0159\u00e1d kam j\u00edt d\u00e1l. Biblick\u00e9 cit\u00e1ty a odkazy v\u011bz\u00ed v textu \u010d\u00edm d\u00e1l organi\u010dt\u011bji; i kdy\u017e, to v\u011bzen\u00ed odkaz\u016f v textu by mohlo b\u00fdt je\u0161t\u011b organi\u010dt\u011bj\u0161\u00ed; to u\u017e si mo\u017en\u00e1 vym\u00fd\u0161l\u00edm nesmysly, neuskute\u010dniteln\u00e1 p\u0159\u00e1n\u00ed. I takhle je to jako plut\u00ed n\u011bjak\u00fdm praoce\u00e1nem, nebo aspo\u0148 prarybn\u00edkem. Nebo aspo\u0148 sledov\u00e1n\u00ed toho plut\u00ed. Je to skv\u011ble abstraktn\u00ed, v takov\u00fdch t\u011bch nejz\u00e1sadn\u011bj\u0161\u00edch smyslech slova \u201eabstrakce\u201c. A\u017e jsem z toho odlet\u011bl do abstrakce i j\u00e1, tak pro zat\u00edm rad\u0161i kon\u010d\u00edm.<\/p>\n","protected":false},"excerpt":{"rendered":"<p>Provede D.R.E.D. N\u00e1chodsko Kladsko Pra\u017esko. Bude provedeno ve \u0160r\u00e1mkov\u011b divadle v sobotu od 15 h.<\/p>\n","protected":false},"author":3,"featured_media":0,"comment_status":"open","ping_status":"open","sticky":false,"template":"","format":"standard","meta":{"footnotes":""},"categories":[1],"tags":[],"class_list":["post-480","post","type-post","status-publish","format-standard","hentry","category-vseobecnosti"],"_links":{"self":[{"href":"https:\/\/blog.sramkuvpisek.cz\/index.php\/wp-json\/wp\/v2\/posts\/480","targetHints":{"allow":["GET"]}}],"collection":[{"href":"https:\/\/blog.sramkuvpisek.cz\/index.php\/wp-json\/wp\/v2\/posts"}],"about":[{"href":"https:\/\/blog.sramkuvpisek.cz\/index.php\/wp-json\/wp\/v2\/types\/post"}],"author":[{"embeddable":true,"href":"https:\/\/blog.sramkuvpisek.cz\/index.php\/wp-json\/wp\/v2\/users\/3"}],"replies":[{"embeddable":true,"href":"https:\/\/blog.sramkuvpisek.cz\/index.php\/wp-json\/wp\/v2\/comments?post=480"}],"version-history":[{"count":1,"href":"https:\/\/blog.sramkuvpisek.cz\/index.php\/wp-json\/wp\/v2\/posts\/480\/revisions"}],"predecessor-version":[{"id":481,"href":"https:\/\/blog.sramkuvpisek.cz\/index.php\/wp-json\/wp\/v2\/posts\/480\/revisions\/481"}],"wp:attachment":[{"href":"https:\/\/blog.sramkuvpisek.cz\/index.php\/wp-json\/wp\/v2\/media?parent=480"}],"wp:term":[{"taxonomy":"category","embeddable":true,"href":"https:\/\/blog.sramkuvpisek.cz\/index.php\/wp-json\/wp\/v2\/categories?post=480"},{"taxonomy":"post_tag","embeddable":true,"href":"https:\/\/blog.sramkuvpisek.cz\/index.php\/wp-json\/wp\/v2\/tags?post=480"}],"curies":[{"name":"wp","href":"https:\/\/api.w.org\/{rel}","templated":true}]}}